{"id":58,"date":"2023-11-13T11:38:57","date_gmt":"2023-11-13T11:38:57","guid":{"rendered":"https:\/\/www.realpatagonia.com.ar\/fiestas\/?p=58"},"modified":"2024-02-23T11:26:39","modified_gmt":"2024-02-23T11:26:39","slug":"fiesta-provincial-del-michay","status":"publish","type":"post","link":"https:\/\/www.realpatagonia.com.ar\/fiestas\/fiesta-provincial-del-michay\/","title":{"rendered":"Fiesta Provincial del Michay"},"content":{"rendered":"\n<p><strong>Fiesta popular con desarrollo en la primera quincena de febrero. Su ejecuci\u00f3n se orienta a la puesta en valor de dos recursos de la zona: por un lado, las bondades de la regi\u00f3n en cuanto a la flora (michay); y por el otro, aquellas dadas por la geolog\u00eda del lugar (actividad extractiva de la diatomea).<\/strong><\/p>\n\n\n\n<p>Recientemente declarada Fiesta Nacional, por lo cual ser\u00e1 incluida en el calendario nacional de fiestas populares. Hasta el a\u00f1o 2021, fue nombrada Fiesta Provincial del Michay. Su primera edici\u00f3n se remonta al a\u00f1o 1985. Representativa de la flora regional por su alusi\u00f3n al michay, fruto t\u00edpico patag\u00f3nico; y de las caracter\u00edsticas geol\u00f3gicas de la zona y el distintivo color blancuzco que le otorga la diatomea al paisaje jacobaccino.<\/p>\n\n\n\n<p>El objetivo inicial del evento consist\u00eda en realizar anualmente un encuentro patag\u00f3nico de m\u00fasicos, cantores, poetas y artesanos. Con el transcurso de los a\u00f1os, y su declaratoria de inter\u00e9s provincial, fue incorporando a su agenda actividades culturales y deportivas: espect\u00e1culos callejeros, canto popular y<br>danza en el predio ferial, ubicado en uno de los laterales del gimnasio municipal en el cual se lleva a cabo.<\/p>\n\n\n\n<p>Se realiza a lo largo de dos o tres jornadas, dependiendo la edici\u00f3n, en las cuales cuenta con una oferta de actividades diversas. Entre ellas, desfiles criollos, doma, carreras cuadreras, y espect\u00e1culos musicales con presentaci\u00f3n de artistas locales, regionales y nacionales. De igual forma, se destaca la presencia de una extensa feria artesanal, compuesta de productos regionales; food trucks, vendedores ambulantes, y un patio de comidas a cargo de la Comisi\u00f3n Organizadora.<\/p>\n\n\n\n<p>Secretaria de Cultura Municipal<br>Tel.\/E-mail: (294) 441-4969;<br>culturajacobacci@hotmail.com.ar<br><a href=\"http:\/\/municipalidadjacobacci.com.ar\/\">www.municipalidadjacobacci.com.ar<br><\/a>Redes sociales FB <a href=\"https:\/\/www.facebook.com\/jacobacciculturamunicipal\">@CulturaJacobacci<\/a><\/p>\n","protected":false},"excerpt":{"rendered":"<p>Fiesta popular con desarrollo en la primera quincena de febrero. Su ejecuci\u00f3n se orienta a la puesta en valor de dos recursos de la zona: por un lado, las bondades de la regi\u00f3n en cuanto a la flora (michay); y por el otro, aquellas dadas por la geolog\u00eda del lugar (actividad extractiva de la diatomea). [&hellip;]<\/p>\n","protected":false},"author":1,"featured_media":195,"comment_status":"closed","ping_status":"closed","sticky":false,"template":"","format":"standard","meta":{"pagelayer_contact_templates":[],"_pagelayer_content":"","footnotes":""},"categories":[4],"tags":[],"class_list":["post-58","post","type-post","status-publish","format-standard","has-post-thumbnail","hentry","category-febrero","entry","has-media"],"yoast_head":"<!-- This site is optimized with the Yoast SEO plugin v23.9 - https:\/\/yoast.com\/wordpress\/plugins\/seo\/ -->\n<title>Fiesta Provincial del Michay - Fiestas Populares<\/title>\n<meta name=\"robots\" content=\"index, follow, max-snippet:-1, max-image-preview:large, max-video-preview:-1\" \/>\n<link rel=\"canonical\" href=\"https:\/\/www.realpatagonia.com.ar\/fiestas\/fiesta-provincial-del-michay\/\" \/>\n<meta property=\"og:locale\" content=\"es_ES\" \/>\n<meta property=\"og:type\" content=\"article\" \/>\n<meta property=\"og:title\" content=\"Fiesta Provincial del Michay - Fiestas Populares\" \/>\n<meta property=\"og:description\" content=\"Fiesta popular con desarrollo en la primera quincena de febrero. Su ejecuci\u00f3n se orienta a la puesta en valor de dos recursos de la zona: por un lado, las bondades de la regi\u00f3n en cuanto a la flora (michay); y por el otro, aquellas dadas por la geolog\u00eda del lugar (actividad extractiva de la diatomea). [&hellip;]\" \/>\n<meta property=\"og:url\" content=\"https:\/\/www.realpatagonia.com.ar\/fiestas\/fiesta-provincial-del-michay\/\" \/>\n<meta property=\"og:site_name\" content=\"Fiestas Populares\" \/>\n<meta property=\"article:published_time\" content=\"2023-11-13T11:38:57+00:00\" \/>\n<meta property=\"article:modified_time\" content=\"2024-02-23T11:26:39+00:00\" \/>\n<meta property=\"og:image\" content=\"https:\/\/www.realpatagonia.com.ar\/fiestas\/wp-content\/uploads\/2023\/11\/jacobacci.jpg\" \/>\n\t<meta property=\"og:image:width\" content=\"960\" \/>\n\t<meta property=\"og:image:height\" content=\"450\" \/>\n\t<meta property=\"og:image:type\" content=\"image\/jpeg\" \/>\n<meta name=\"author\" content=\"admin\" \/>\n<meta name=\"twitter:card\" content=\"summary_large_image\" \/>\n<meta name=\"twitter:label1\" content=\"Escrito por\" \/>\n\t<meta name=\"twitter:data1\" content=\"admin\" \/>\n\t<meta name=\"twitter:label2\" content=\"Tiempo de lectura\" \/>\n\t<meta name=\"twitter:data2\" content=\"2 minutos\" \/>\n<script type=\"application\/ld+json\" class=\"yoast-schema-graph\">{\"@context\":\"https:\/\/schema.org\",\"@graph\":[{\"@type\":\"Article\",\"@id\":\"https:\/\/www.realpatagonia.com.ar\/fiestas\/fiesta-provincial-del-michay\/#article\",\"isPartOf\":{\"@id\":\"https:\/\/www.realpatagonia.com.ar\/fiestas\/fiesta-provincial-del-michay\/\"},\"author\":{\"name\":\"admin\",\"@id\":\"https:\/\/www.realpatagonia.com.ar\/fiestas\/#\/schema\/person\/a74d57f4b94d08292b512a517a877f4d\"},\"headline\":\"Fiesta Provincial del Michay\",\"datePublished\":\"2023-11-13T11:38:57+00:00\",\"dateModified\":\"2024-02-23T11:26:39+00:00\",\"mainEntityOfPage\":{\"@id\":\"https:\/\/www.realpatagonia.com.ar\/fiestas\/fiesta-provincial-del-michay\/\"},\"wordCount\":300,\"publisher\":{\"@id\":\"https:\/\/www.realpatagonia.com.ar\/fiestas\/#organization\"},\"image\":{\"@id\":\"https:\/\/www.realpatagonia.com.ar\/fiestas\/fiesta-provincial-del-michay\/#primaryimage\"},\"thumbnailUrl\":\"https:\/\/www.realpatagonia.com.ar\/fiestas\/wp-content\/uploads\/2023\/11\/jacobacci.jpg\",\"articleSection\":[\"Febrero\"],\"inLanguage\":\"es\"},{\"@type\":\"WebPage\",\"@id\":\"https:\/\/www.realpatagonia.com.ar\/fiestas\/fiesta-provincial-del-michay\/\",\"url\":\"https:\/\/www.realpatagonia.com.ar\/fiestas\/fiesta-provincial-del-michay\/\",\"name\":\"Fiesta Provincial del Michay - Fiestas Populares\",\"isPartOf\":{\"@id\":\"https:\/\/www.realpatagonia.com.ar\/fiestas\/#website\"},\"primaryImageOfPage\":{\"@id\":\"https:\/\/www.realpatagonia.com.ar\/fiestas\/fiesta-provincial-del-michay\/#primaryimage\"},\"image\":{\"@id\":\"https:\/\/www.realpatagonia.com.ar\/fiestas\/fiesta-provincial-del-michay\/#primaryimage\"},\"thumbnailUrl\":\"https:\/\/www.realpatagonia.com.ar\/fiestas\/wp-content\/uploads\/2023\/11\/jacobacci.jpg\",\"datePublished\":\"2023-11-13T11:38:57+00:00\",\"dateModified\":\"2024-02-23T11:26:39+00:00\",\"breadcrumb\":{\"@id\":\"https:\/\/www.realpatagonia.com.ar\/fiestas\/fiesta-provincial-del-michay\/#breadcrumb\"},\"inLanguage\":\"es\",\"potentialAction\":[{\"@type\":\"ReadAction\",\"target\":[\"https:\/\/www.realpatagonia.com.ar\/fiestas\/fiesta-provincial-del-michay\/\"]}]},{\"@type\":\"ImageObject\",\"inLanguage\":\"es\",\"@id\":\"https:\/\/www.realpatagonia.com.ar\/fiestas\/fiesta-provincial-del-michay\/#primaryimage\",\"url\":\"https:\/\/www.realpatagonia.com.ar\/fiestas\/wp-content\/uploads\/2023\/11\/jacobacci.jpg\",\"contentUrl\":\"https:\/\/www.realpatagonia.com.ar\/fiestas\/wp-content\/uploads\/2023\/11\/jacobacci.jpg\",\"width\":960,\"height\":450},{\"@type\":\"BreadcrumbList\",\"@id\":\"https:\/\/www.realpatagonia.com.ar\/fiestas\/fiesta-provincial-del-michay\/#breadcrumb\",\"itemListElement\":[{\"@type\":\"ListItem\",\"position\":1,\"name\":\"Portada\",\"item\":\"https:\/\/www.realpatagonia.com.ar\/fiestas\/\"},{\"@type\":\"ListItem\",\"position\":2,\"name\":\"Fiesta Provincial del Michay\"}]},{\"@type\":\"WebSite\",\"@id\":\"https:\/\/www.realpatagonia.com.ar\/fiestas\/#website\",\"url\":\"https:\/\/www.realpatagonia.com.ar\/fiestas\/\",\"name\":\"Fiestas Populares\",\"description\":\"Real Patagonia\",\"publisher\":{\"@id\":\"https:\/\/www.realpatagonia.com.ar\/fiestas\/#organization\"},\"potentialAction\":[{\"@type\":\"SearchAction\",\"target\":{\"@type\":\"EntryPoint\",\"urlTemplate\":\"https:\/\/www.realpatagonia.com.ar\/fiestas\/?s={search_term_string}\"},\"query-input\":{\"@type\":\"PropertyValueSpecification\",\"valueRequired\":true,\"valueName\":\"search_term_string\"}}],\"inLanguage\":\"es\"},{\"@type\":\"Organization\",\"@id\":\"https:\/\/www.realpatagonia.com.ar\/fiestas\/#organization\",\"name\":\"Fiestas Populares\",\"url\":\"https:\/\/www.realpatagonia.com.ar\/fiestas\/\",\"logo\":{\"@type\":\"ImageObject\",\"inLanguage\":\"es\",\"@id\":\"https:\/\/www.realpatagonia.com.ar\/fiestas\/#\/schema\/logo\/image\/\",\"url\":\"https:\/\/www.realpatagonia.com.ar\/fiestas\/wp-content\/uploads\/2024\/11\/logo-9-v2.png\",\"contentUrl\":\"https:\/\/www.realpatagonia.com.ar\/fiestas\/wp-content\/uploads\/2024\/11\/logo-9-v2.png\",\"width\":376,\"height\":227,\"caption\":\"Fiestas Populares\"},\"image\":{\"@id\":\"https:\/\/www.realpatagonia.com.ar\/fiestas\/#\/schema\/logo\/image\/\"}},{\"@type\":\"Person\",\"@id\":\"https:\/\/www.realpatagonia.com.ar\/fiestas\/#\/schema\/person\/a74d57f4b94d08292b512a517a877f4d\",\"name\":\"admin\",\"image\":{\"@type\":\"ImageObject\",\"inLanguage\":\"es\",\"@id\":\"https:\/\/www.realpatagonia.com.ar\/fiestas\/#\/schema\/person\/image\/\",\"url\":\"https:\/\/secure.gravatar.com\/avatar\/adf8697a38b91280f806560042b9864bd8013d77e6a1241c895d8ecc2a3da613?s=96&d=mm&r=g\",\"contentUrl\":\"https:\/\/secure.gravatar.com\/avatar\/adf8697a38b91280f806560042b9864bd8013d77e6a1241c895d8ecc2a3da613?s=96&d=mm&r=g\",\"caption\":\"admin\"},\"sameAs\":[\"https:\/\/www.realpatagonia.com.ar\/fiestas\"],\"url\":\"https:\/\/www.realpatagonia.com.ar\/fiestas\/author\/admin\/\"}]}<\/script>\n<!-- \/ Yoast SEO plugin. -->","yoast_head_json":{"title":"Fiesta Provincial del Michay - Fiestas Populares","robots":{"index":"index","follow":"follow","max-snippet":"max-snippet:-1","max-image-preview":"max-image-preview:large","max-video-preview":"max-video-preview:-1"},"canonical":"https:\/\/www.realpatagonia.com.ar\/fiestas\/fiesta-provincial-del-michay\/","og_locale":"es_ES","og_type":"article","og_title":"Fiesta Provincial del Michay - Fiestas Populares","og_description":"Fiesta popular con desarrollo en la primera quincena de febrero. Su ejecuci\u00f3n se orienta a la puesta en valor de dos recursos de la zona: por un lado, las bondades de la regi\u00f3n en cuanto a la flora (michay); y por el otro, aquellas dadas por la geolog\u00eda del lugar (actividad extractiva de la diatomea). [&hellip;]","og_url":"https:\/\/www.realpatagonia.com.ar\/fiestas\/fiesta-provincial-del-michay\/","og_site_name":"Fiestas Populares","article_published_time":"2023-11-13T11:38:57+00:00","article_modified_time":"2024-02-23T11:26:39+00:00","og_image":[{"width":960,"height":450,"url":"https:\/\/www.realpatagonia.com.ar\/fiestas\/wp-content\/uploads\/2023\/11\/jacobacci.jpg","type":"image\/jpeg"}],"author":"admin","twitter_card":"summary_large_image","twitter_misc":{"Escrito por":"admin","Tiempo de lectura":"2 minutos"},"schema":{"@context":"https:\/\/schema.org","@graph":[{"@type":"Article","@id":"https:\/\/www.realpatagonia.com.ar\/fiestas\/fiesta-provincial-del-michay\/#article","isPartOf":{"@id":"https:\/\/www.realpatagonia.com.ar\/fiestas\/fiesta-provincial-del-michay\/"},"author":{"name":"admin","@id":"https:\/\/www.realpatagonia.com.ar\/fiestas\/#\/schema\/person\/a74d57f4b94d08292b512a517a877f4d"},"headline":"Fiesta Provincial del Michay","datePublished":"2023-11-13T11:38:57+00:00","dateModified":"2024-02-23T11:26:39+00:00","mainEntityOfPage":{"@id":"https:\/\/www.realpatagonia.com.ar\/fiestas\/fiesta-provincial-del-michay\/"},"wordCount":300,"publisher":{"@id":"https:\/\/www.realpatagonia.com.ar\/fiestas\/#organization"},"image":{"@id":"https:\/\/www.realpatagonia.com.ar\/fiestas\/fiesta-provincial-del-michay\/#primaryimage"},"thumbnailUrl":"https:\/\/www.realpatagonia.com.ar\/fiestas\/wp-content\/uploads\/2023\/11\/jacobacci.jpg","articleSection":["Febrero"],"inLanguage":"es"},{"@type":"WebPage","@id":"https:\/\/www.realpatagonia.com.ar\/fiestas\/fiesta-provincial-del-michay\/","url":"https:\/\/www.realpatagonia.com.ar\/fiestas\/fiesta-provincial-del-michay\/","name":"Fiesta Provincial del Michay - Fiestas Populares","isPartOf":{"@id":"https:\/\/www.realpatagonia.com.ar\/fiestas\/#website"},"primaryImageOfPage":{"@id":"https:\/\/www.realpatagonia.com.ar\/fiestas\/fiesta-provincial-del-michay\/#primaryimage"},"image":{"@id":"https:\/\/www.realpatagonia.com.ar\/fiestas\/fiesta-provincial-del-michay\/#primaryimage"},"thumbnailUrl":"https:\/\/www.realpatagonia.com.ar\/fiestas\/wp-content\/uploads\/2023\/11\/jacobacci.jpg","datePublished":"2023-11-13T11:38:57+00:00","dateModified":"2024-02-23T11:26:39+00:00","breadcrumb":{"@id":"https:\/\/www.realpatagonia.com.ar\/fiestas\/fiesta-provincial-del-michay\/#breadcrumb"},"inLanguage":"es","potentialAction":[{"@type":"ReadAction","target":["https:\/\/www.realpatagonia.com.ar\/fiestas\/fiesta-provincial-del-michay\/"]}]},{"@type":"ImageObject","inLanguage":"es","@id":"https:\/\/www.realpatagonia.com.ar\/fiestas\/fiesta-provincial-del-michay\/#primaryimage","url":"https:\/\/www.realpatagonia.com.ar\/fiestas\/wp-content\/uploads\/2023\/11\/jacobacci.jpg","contentUrl":"https:\/\/www.realpatagonia.com.ar\/fiestas\/wp-content\/uploads\/2023\/11\/jacobacci.jpg","width":960,"height":450},{"@type":"BreadcrumbList","@id":"https:\/\/www.realpatagonia.com.ar\/fiestas\/fiesta-provincial-del-michay\/#breadcrumb","itemListElement":[{"@type":"ListItem","position":1,"name":"Portada","item":"https:\/\/www.realpatagonia.com.ar\/fiestas\/"},{"@type":"ListItem","position":2,"name":"Fiesta Provincial del Michay"}]},{"@type":"WebSite","@id":"https:\/\/www.realpatagonia.com.ar\/fiestas\/#website","url":"https:\/\/www.realpatagonia.com.ar\/fiestas\/","name":"Fiestas Populares","description":"Real Patagonia","publisher":{"@id":"https:\/\/www.realpatagonia.com.ar\/fiestas\/#organization"},"potentialAction":[{"@type":"SearchAction","target":{"@type":"EntryPoint","urlTemplate":"https:\/\/www.realpatagonia.com.ar\/fiestas\/?s={search_term_string}"},"query-input":{"@type":"PropertyValueSpecification","valueRequired":true,"valueName":"search_term_string"}}],"inLanguage":"es"},{"@type":"Organization","@id":"https:\/\/www.realpatagonia.com.ar\/fiestas\/#organization","name":"Fiestas Populares","url":"https:\/\/www.realpatagonia.com.ar\/fiestas\/","logo":{"@type":"ImageObject","inLanguage":"es","@id":"https:\/\/www.realpatagonia.com.ar\/fiestas\/#\/schema\/logo\/image\/","url":"https:\/\/www.realpatagonia.com.ar\/fiestas\/wp-content\/uploads\/2024\/11\/logo-9-v2.png","contentUrl":"https:\/\/www.realpatagonia.com.ar\/fiestas\/wp-content\/uploads\/2024\/11\/logo-9-v2.png","width":376,"height":227,"caption":"Fiestas Populares"},"image":{"@id":"https:\/\/www.realpatagonia.com.ar\/fiestas\/#\/schema\/logo\/image\/"}},{"@type":"Person","@id":"https:\/\/www.realpatagonia.com.ar\/fiestas\/#\/schema\/person\/a74d57f4b94d08292b512a517a877f4d","name":"admin","image":{"@type":"ImageObject","inLanguage":"es","@id":"https:\/\/www.realpatagonia.com.ar\/fiestas\/#\/schema\/person\/image\/","url":"https:\/\/secure.gravatar.com\/avatar\/adf8697a38b91280f806560042b9864bd8013d77e6a1241c895d8ecc2a3da613?s=96&d=mm&r=g","contentUrl":"https:\/\/secure.gravatar.com\/avatar\/adf8697a38b91280f806560042b9864bd8013d77e6a1241c895d8ecc2a3da613?s=96&d=mm&r=g","caption":"admin"},"sameAs":["https:\/\/www.realpatagonia.com.ar\/fiestas"],"url":"https:\/\/www.realpatagonia.com.ar\/fiestas\/author\/admin\/"}]}},"rttpg_featured_image_url":{"full":["https:\/\/www.realpatagonia.com.ar\/fiestas\/wp-content\/uploads\/2023\/11\/jacobacci.jpg",960,450,false],"landscape":["https:\/\/www.realpatagonia.com.ar\/fiestas\/wp-content\/uploads\/2023\/11\/jacobacci.jpg",960,450,false],"portraits":["https:\/\/www.realpatagonia.com.ar\/fiestas\/wp-content\/uploads\/2023\/11\/jacobacci.jpg",960,450,false],"thumbnail":["https:\/\/www.realpatagonia.com.ar\/fiestas\/wp-content\/uploads\/2023\/11\/jacobacci-150x150.jpg",150,150,true],"medium":["https:\/\/www.realpatagonia.com.ar\/fiestas\/wp-content\/uploads\/2023\/11\/jacobacci-300x141.jpg",300,141,true],"large":["https:\/\/www.realpatagonia.com.ar\/fiestas\/wp-content\/uploads\/2023\/11\/jacobacci.jpg",960,450,false],"1536x1536":["https:\/\/www.realpatagonia.com.ar\/fiestas\/wp-content\/uploads\/2023\/11\/jacobacci.jpg",960,450,false],"2048x2048":["https:\/\/www.realpatagonia.com.ar\/fiestas\/wp-content\/uploads\/2023\/11\/jacobacci.jpg",960,450,false],"ocean-thumb-m":["https:\/\/www.realpatagonia.com.ar\/fiestas\/wp-content\/uploads\/2023\/11\/jacobacci-600x450.jpg",600,450,true],"ocean-thumb-ml":["https:\/\/www.realpatagonia.com.ar\/fiestas\/wp-content\/uploads\/2023\/11\/jacobacci-800x450.jpg",800,450,true],"ocean-thumb-l":["https:\/\/www.realpatagonia.com.ar\/fiestas\/wp-content\/uploads\/2023\/11\/jacobacci.jpg",960,450,false]},"rttpg_author":{"display_name":"admin","author_link":"https:\/\/www.realpatagonia.com.ar\/fiestas\/author\/admin\/"},"rttpg_comment":0,"rttpg_category":"<a href=\"https:\/\/www.realpatagonia.com.ar\/fiestas\/category\/febrero\/\" rel=\"category tag\">Febrero<\/a>","rttpg_excerpt":"Fiesta popular con desarrollo en la primera quincena de febrero. Su ejecuci\u00f3n se orienta a la puesta en valor de dos recursos de la zona: por un lado, las bondades de la regi\u00f3n en cuanto a la flora (michay); y por el otro, aquellas dadas por la geolog\u00eda del lugar (actividad extractiva de la diatomea).&hellip;","_links":{"self":[{"href":"https:\/\/www.realpatagonia.com.ar\/fiestas\/wp-json\/wp\/v2\/posts\/58","targetHints":{"allow":["GET"]}}],"collection":[{"href":"https:\/\/www.realpatagonia.com.ar\/fiestas\/wp-json\/wp\/v2\/posts"}],"about":[{"href":"https:\/\/www.realpatagonia.com.ar\/fiestas\/wp-json\/wp\/v2\/types\/post"}],"author":[{"embeddable":true,"href":"https:\/\/www.realpatagonia.com.ar\/fiestas\/wp-json\/wp\/v2\/users\/1"}],"replies":[{"embeddable":true,"href":"https:\/\/www.realpatagonia.com.ar\/fiestas\/wp-json\/wp\/v2\/comments?post=58"}],"version-history":[{"count":2,"href":"https:\/\/www.realpatagonia.com.ar\/fiestas\/wp-json\/wp\/v2\/posts\/58\/revisions"}],"predecessor-version":[{"id":196,"href":"https:\/\/www.realpatagonia.com.ar\/fiestas\/wp-json\/wp\/v2\/posts\/58\/revisions\/196"}],"wp:featuredmedia":[{"embeddable":true,"href":"https:\/\/www.realpatagonia.com.ar\/fiestas\/wp-json\/wp\/v2\/media\/195"}],"wp:attachment":[{"href":"https:\/\/www.realpatagonia.com.ar\/fiestas\/wp-json\/wp\/v2\/media?parent=58"}],"wp:term":[{"taxonomy":"category","embeddable":true,"href":"https:\/\/www.realpatagonia.com.ar\/fiestas\/wp-json\/wp\/v2\/categories?post=58"},{"taxonomy":"post_tag","embeddable":true,"href":"https:\/\/www.realpatagonia.com.ar\/fiestas\/wp-json\/wp\/v2\/tags?post=58"}],"curies":[{"name":"wp","href":"https:\/\/api.w.org\/{rel}","templated":true}]}}