{"id":182,"date":"2024-02-18T19:06:41","date_gmt":"2024-02-18T19:06:41","guid":{"rendered":"https:\/\/www.realpatagonia.com.ar\/fiestas\/?p=182"},"modified":"2024-02-18T19:06:42","modified_gmt":"2024-02-18T19:06:42","slug":"fiesta-provincial-de-la-estepa-y-el-sol","status":"publish","type":"post","link":"https:\/\/www.realpatagonia.com.ar\/fiestas\/fiesta-provincial-de-la-estepa-y-el-sol\/","title":{"rendered":"Fiesta Provincial de la Estepa y el Sol"},"content":{"rendered":"\n<p><strong>De car\u00e1cter anual, tiene lugar en el mes de noviembre. Su oferta se compone de una agenda cultural de espect\u00e1culos de estilos diversos, y de un sector comercial y gastron\u00f3mico.<\/strong><\/p>\n\n\n\n<p>Se desarrolla en el mes de noviembre de cada a\u00f1o, en la plaza principal \u2018Modesta Victoria\u2019. Es impulsada por la Municipalidad de Dina Huapi y tiene como objetivo promocionar las bondades de la localidad en particular y de la estepa en general.<\/p>\n\n\n\n<p>Cuenta con oferta gastron\u00f3mica, en la que se destacan propuestas regionales de platos elaborados a base de trucha; carnes ahumadas o al asador; cocina de autor y picadas artesanales acompa\u00f1adas de cervezas regionales.<\/p>\n\n\n\n<p>En lo comercial, cuenta con feria de artesan\u00edas y productos regionales. La agenda de espect\u00e1culos se compone de presentaciones de m\u00fasica y danza de distintos estilos.<\/p>\n\n\n\n<p><strong>Contacto: Municipalidad de Dina Huapi<br>Tel.\/E-mail: (294) 4468099 \/ (294) 4384712;<br>info.turismo@municipiodinahuapi.gob.ar<br><a href=\"https:\/\/www.municipiodinahuapi.gob.ar\/\">www.municipiodinahuapi.gob.ar<br><\/a>Redes sociales IG <a href=\"https:\/\/www.instagram.com\/turismodinahuapi\/\">@turismodinahuapi<\/a><\/strong><\/p>\n","protected":false},"excerpt":{"rendered":"<p>De car\u00e1cter anual, tiene lugar en el mes de noviembre. Su oferta se compone de una agenda cultural de espect\u00e1culos de estilos diversos, y de un sector comercial y gastron\u00f3mico. Se desarrolla en el mes de noviembre de cada a\u00f1o, en la plaza principal \u2018Modesta Victoria\u2019. Es impulsada por la Municipalidad de Dina Huapi y [&hellip;]<\/p>\n","protected":false},"author":1,"featured_media":183,"comment_status":"closed","ping_status":"closed","sticky":false,"template":"","format":"standard","meta":{"pagelayer_contact_templates":[],"_pagelayer_content":"","footnotes":""},"categories":[13],"tags":[],"class_list":["post-182","post","type-post","status-publish","format-standard","has-post-thumbnail","hentry","category-noviembre","entry","has-media"],"yoast_head":"<!-- This site is optimized with the Yoast SEO plugin v23.9 - https:\/\/yoast.com\/wordpress\/plugins\/seo\/ -->\n<title>Fiesta Provincial de la Estepa y el Sol - Fiestas Populares<\/title>\n<meta name=\"robots\" content=\"index, follow, max-snippet:-1, max-image-preview:large, max-video-preview:-1\" \/>\n<link rel=\"canonical\" href=\"https:\/\/www.realpatagonia.com.ar\/fiestas\/fiesta-provincial-de-la-estepa-y-el-sol\/\" \/>\n<meta property=\"og:locale\" content=\"es_ES\" \/>\n<meta property=\"og:type\" content=\"article\" \/>\n<meta property=\"og:title\" content=\"Fiesta Provincial de la Estepa y el Sol - Fiestas Populares\" \/>\n<meta property=\"og:description\" content=\"De car\u00e1cter anual, tiene lugar en el mes de noviembre. Su oferta se compone de una agenda cultural de espect\u00e1culos de estilos diversos, y de un sector comercial y gastron\u00f3mico. Se desarrolla en el mes de noviembre de cada a\u00f1o, en la plaza principal \u2018Modesta Victoria\u2019. Es impulsada por la Municipalidad de Dina Huapi y [&hellip;]\" \/>\n<meta property=\"og:url\" content=\"https:\/\/www.realpatagonia.com.ar\/fiestas\/fiesta-provincial-de-la-estepa-y-el-sol\/\" \/>\n<meta property=\"og:site_name\" content=\"Fiestas Populares\" \/>\n<meta property=\"article:published_time\" content=\"2024-02-18T19:06:41+00:00\" \/>\n<meta property=\"article:modified_time\" content=\"2024-02-18T19:06:42+00:00\" \/>\n<meta property=\"og:image\" content=\"https:\/\/www.realpatagonia.com.ar\/fiestas\/wp-content\/uploads\/2024\/02\/dina-huapi.jpg\" \/>\n\t<meta property=\"og:image:width\" content=\"960\" \/>\n\t<meta property=\"og:image:height\" content=\"450\" \/>\n\t<meta property=\"og:image:type\" content=\"image\/jpeg\" \/>\n<meta name=\"author\" content=\"admin\" \/>\n<meta name=\"twitter:card\" content=\"summary_large_image\" \/>\n<meta name=\"twitter:label1\" content=\"Escrito por\" \/>\n\t<meta name=\"twitter:data1\" content=\"admin\" \/>\n\t<meta name=\"twitter:label2\" content=\"Tiempo de lectura\" \/>\n\t<meta name=\"twitter:data2\" content=\"1 minuto\" \/>\n<script type=\"application\/ld+json\" class=\"yoast-schema-graph\">{\"@context\":\"https:\/\/schema.org\",\"@graph\":[{\"@type\":\"Article\",\"@id\":\"https:\/\/www.realpatagonia.com.ar\/fiestas\/fiesta-provincial-de-la-estepa-y-el-sol\/#article\",\"isPartOf\":{\"@id\":\"https:\/\/www.realpatagonia.com.ar\/fiestas\/fiesta-provincial-de-la-estepa-y-el-sol\/\"},\"author\":{\"name\":\"admin\",\"@id\":\"https:\/\/www.realpatagonia.com.ar\/fiestas\/#\/schema\/person\/a74d57f4b94d08292b512a517a877f4d\"},\"headline\":\"Fiesta Provincial de la Estepa y el Sol\",\"datePublished\":\"2024-02-18T19:06:41+00:00\",\"dateModified\":\"2024-02-18T19:06:42+00:00\",\"mainEntityOfPage\":{\"@id\":\"https:\/\/www.realpatagonia.com.ar\/fiestas\/fiesta-provincial-de-la-estepa-y-el-sol\/\"},\"wordCount\":167,\"publisher\":{\"@id\":\"https:\/\/www.realpatagonia.com.ar\/fiestas\/#organization\"},\"image\":{\"@id\":\"https:\/\/www.realpatagonia.com.ar\/fiestas\/fiesta-provincial-de-la-estepa-y-el-sol\/#primaryimage\"},\"thumbnailUrl\":\"https:\/\/www.realpatagonia.com.ar\/fiestas\/wp-content\/uploads\/2024\/02\/dina-huapi.jpg\",\"articleSection\":[\"Noviembre\"],\"inLanguage\":\"es\"},{\"@type\":\"WebPage\",\"@id\":\"https:\/\/www.realpatagonia.com.ar\/fiestas\/fiesta-provincial-de-la-estepa-y-el-sol\/\",\"url\":\"https:\/\/www.realpatagonia.com.ar\/fiestas\/fiesta-provincial-de-la-estepa-y-el-sol\/\",\"name\":\"Fiesta Provincial de la Estepa y el Sol - Fiestas Populares\",\"isPartOf\":{\"@id\":\"https:\/\/www.realpatagonia.com.ar\/fiestas\/#website\"},\"primaryImageOfPage\":{\"@id\":\"https:\/\/www.realpatagonia.com.ar\/fiestas\/fiesta-provincial-de-la-estepa-y-el-sol\/#primaryimage\"},\"image\":{\"@id\":\"https:\/\/www.realpatagonia.com.ar\/fiestas\/fiesta-provincial-de-la-estepa-y-el-sol\/#primaryimage\"},\"thumbnailUrl\":\"https:\/\/www.realpatagonia.com.ar\/fiestas\/wp-content\/uploads\/2024\/02\/dina-huapi.jpg\",\"datePublished\":\"2024-02-18T19:06:41+00:00\",\"dateModified\":\"2024-02-18T19:06:42+00:00\",\"breadcrumb\":{\"@id\":\"https:\/\/www.realpatagonia.com.ar\/fiestas\/fiesta-provincial-de-la-estepa-y-el-sol\/#breadcrumb\"},\"inLanguage\":\"es\",\"potentialAction\":[{\"@type\":\"ReadAction\",\"target\":[\"https:\/\/www.realpatagonia.com.ar\/fiestas\/fiesta-provincial-de-la-estepa-y-el-sol\/\"]}]},{\"@type\":\"ImageObject\",\"inLanguage\":\"es\",\"@id\":\"https:\/\/www.realpatagonia.com.ar\/fiestas\/fiesta-provincial-de-la-estepa-y-el-sol\/#primaryimage\",\"url\":\"https:\/\/www.realpatagonia.com.ar\/fiestas\/wp-content\/uploads\/2024\/02\/dina-huapi.jpg\",\"contentUrl\":\"https:\/\/www.realpatagonia.com.ar\/fiestas\/wp-content\/uploads\/2024\/02\/dina-huapi.jpg\",\"width\":960,\"height\":450},{\"@type\":\"BreadcrumbList\",\"@id\":\"https:\/\/www.realpatagonia.com.ar\/fiestas\/fiesta-provincial-de-la-estepa-y-el-sol\/#breadcrumb\",\"itemListElement\":[{\"@type\":\"ListItem\",\"position\":1,\"name\":\"Portada\",\"item\":\"https:\/\/www.realpatagonia.com.ar\/fiestas\/\"},{\"@type\":\"ListItem\",\"position\":2,\"name\":\"Fiesta Provincial de la Estepa y el Sol\"}]},{\"@type\":\"WebSite\",\"@id\":\"https:\/\/www.realpatagonia.com.ar\/fiestas\/#website\",\"url\":\"https:\/\/www.realpatagonia.com.ar\/fiestas\/\",\"name\":\"Fiestas Populares\",\"description\":\"Real Patagonia\",\"publisher\":{\"@id\":\"https:\/\/www.realpatagonia.com.ar\/fiestas\/#organization\"},\"potentialAction\":[{\"@type\":\"SearchAction\",\"target\":{\"@type\":\"EntryPoint\",\"urlTemplate\":\"https:\/\/www.realpatagonia.com.ar\/fiestas\/?s={search_term_string}\"},\"query-input\":{\"@type\":\"PropertyValueSpecification\",\"valueRequired\":true,\"valueName\":\"search_term_string\"}}],\"inLanguage\":\"es\"},{\"@type\":\"Organization\",\"@id\":\"https:\/\/www.realpatagonia.com.ar\/fiestas\/#organization\",\"name\":\"Fiestas Populares\",\"url\":\"https:\/\/www.realpatagonia.com.ar\/fiestas\/\",\"logo\":{\"@type\":\"ImageObject\",\"inLanguage\":\"es\",\"@id\":\"https:\/\/www.realpatagonia.com.ar\/fiestas\/#\/schema\/logo\/image\/\",\"url\":\"https:\/\/www.realpatagonia.com.ar\/fiestas\/wp-content\/uploads\/2024\/11\/logo-9-v2.png\",\"contentUrl\":\"https:\/\/www.realpatagonia.com.ar\/fiestas\/wp-content\/uploads\/2024\/11\/logo-9-v2.png\",\"width\":376,\"height\":227,\"caption\":\"Fiestas Populares\"},\"image\":{\"@id\":\"https:\/\/www.realpatagonia.com.ar\/fiestas\/#\/schema\/logo\/image\/\"}},{\"@type\":\"Person\",\"@id\":\"https:\/\/www.realpatagonia.com.ar\/fiestas\/#\/schema\/person\/a74d57f4b94d08292b512a517a877f4d\",\"name\":\"admin\",\"image\":{\"@type\":\"ImageObject\",\"inLanguage\":\"es\",\"@id\":\"https:\/\/www.realpatagonia.com.ar\/fiestas\/#\/schema\/person\/image\/\",\"url\":\"https:\/\/secure.gravatar.com\/avatar\/adf8697a38b91280f806560042b9864bd8013d77e6a1241c895d8ecc2a3da613?s=96&d=mm&r=g\",\"contentUrl\":\"https:\/\/secure.gravatar.com\/avatar\/adf8697a38b91280f806560042b9864bd8013d77e6a1241c895d8ecc2a3da613?s=96&d=mm&r=g\",\"caption\":\"admin\"},\"sameAs\":[\"https:\/\/www.realpatagonia.com.ar\/fiestas\"],\"url\":\"https:\/\/www.realpatagonia.com.ar\/fiestas\/author\/admin\/\"}]}<\/script>\n<!-- \/ Yoast SEO plugin. -->","yoast_head_json":{"title":"Fiesta Provincial de la Estepa y el Sol - Fiestas Populares","robots":{"index":"index","follow":"follow","max-snippet":"max-snippet:-1","max-image-preview":"max-image-preview:large","max-video-preview":"max-video-preview:-1"},"canonical":"https:\/\/www.realpatagonia.com.ar\/fiestas\/fiesta-provincial-de-la-estepa-y-el-sol\/","og_locale":"es_ES","og_type":"article","og_title":"Fiesta Provincial de la Estepa y el Sol - Fiestas Populares","og_description":"De car\u00e1cter anual, tiene lugar en el mes de noviembre. Su oferta se compone de una agenda cultural de espect\u00e1culos de estilos diversos, y de un sector comercial y gastron\u00f3mico. Se desarrolla en el mes de noviembre de cada a\u00f1o, en la plaza principal \u2018Modesta Victoria\u2019. Es impulsada por la Municipalidad de Dina Huapi y [&hellip;]","og_url":"https:\/\/www.realpatagonia.com.ar\/fiestas\/fiesta-provincial-de-la-estepa-y-el-sol\/","og_site_name":"Fiestas Populares","article_published_time":"2024-02-18T19:06:41+00:00","article_modified_time":"2024-02-18T19:06:42+00:00","og_image":[{"width":960,"height":450,"url":"https:\/\/www.realpatagonia.com.ar\/fiestas\/wp-content\/uploads\/2024\/02\/dina-huapi.jpg","type":"image\/jpeg"}],"author":"admin","twitter_card":"summary_large_image","twitter_misc":{"Escrito por":"admin","Tiempo de lectura":"1 minuto"},"schema":{"@context":"https:\/\/schema.org","@graph":[{"@type":"Article","@id":"https:\/\/www.realpatagonia.com.ar\/fiestas\/fiesta-provincial-de-la-estepa-y-el-sol\/#article","isPartOf":{"@id":"https:\/\/www.realpatagonia.com.ar\/fiestas\/fiesta-provincial-de-la-estepa-y-el-sol\/"},"author":{"name":"admin","@id":"https:\/\/www.realpatagonia.com.ar\/fiestas\/#\/schema\/person\/a74d57f4b94d08292b512a517a877f4d"},"headline":"Fiesta Provincial de la Estepa y el Sol","datePublished":"2024-02-18T19:06:41+00:00","dateModified":"2024-02-18T19:06:42+00:00","mainEntityOfPage":{"@id":"https:\/\/www.realpatagonia.com.ar\/fiestas\/fiesta-provincial-de-la-estepa-y-el-sol\/"},"wordCount":167,"publisher":{"@id":"https:\/\/www.realpatagonia.com.ar\/fiestas\/#organization"},"image":{"@id":"https:\/\/www.realpatagonia.com.ar\/fiestas\/fiesta-provincial-de-la-estepa-y-el-sol\/#primaryimage"},"thumbnailUrl":"https:\/\/www.realpatagonia.com.ar\/fiestas\/wp-content\/uploads\/2024\/02\/dina-huapi.jpg","articleSection":["Noviembre"],"inLanguage":"es"},{"@type":"WebPage","@id":"https:\/\/www.realpatagonia.com.ar\/fiestas\/fiesta-provincial-de-la-estepa-y-el-sol\/","url":"https:\/\/www.realpatagonia.com.ar\/fiestas\/fiesta-provincial-de-la-estepa-y-el-sol\/","name":"Fiesta Provincial de la Estepa y el Sol - Fiestas Populares","isPartOf":{"@id":"https:\/\/www.realpatagonia.com.ar\/fiestas\/#website"},"primaryImageOfPage":{"@id":"https:\/\/www.realpatagonia.com.ar\/fiestas\/fiesta-provincial-de-la-estepa-y-el-sol\/#primaryimage"},"image":{"@id":"https:\/\/www.realpatagonia.com.ar\/fiestas\/fiesta-provincial-de-la-estepa-y-el-sol\/#primaryimage"},"thumbnailUrl":"https:\/\/www.realpatagonia.com.ar\/fiestas\/wp-content\/uploads\/2024\/02\/dina-huapi.jpg","datePublished":"2024-02-18T19:06:41+00:00","dateModified":"2024-02-18T19:06:42+00:00","breadcrumb":{"@id":"https:\/\/www.realpatagonia.com.ar\/fiestas\/fiesta-provincial-de-la-estepa-y-el-sol\/#breadcrumb"},"inLanguage":"es","potentialAction":[{"@type":"ReadAction","target":["https:\/\/www.realpatagonia.com.ar\/fiestas\/fiesta-provincial-de-la-estepa-y-el-sol\/"]}]},{"@type":"ImageObject","inLanguage":"es","@id":"https:\/\/www.realpatagonia.com.ar\/fiestas\/fiesta-provincial-de-la-estepa-y-el-sol\/#primaryimage","url":"https:\/\/www.realpatagonia.com.ar\/fiestas\/wp-content\/uploads\/2024\/02\/dina-huapi.jpg","contentUrl":"https:\/\/www.realpatagonia.com.ar\/fiestas\/wp-content\/uploads\/2024\/02\/dina-huapi.jpg","width":960,"height":450},{"@type":"BreadcrumbList","@id":"https:\/\/www.realpatagonia.com.ar\/fiestas\/fiesta-provincial-de-la-estepa-y-el-sol\/#breadcrumb","itemListElement":[{"@type":"ListItem","position":1,"name":"Portada","item":"https:\/\/www.realpatagonia.com.ar\/fiestas\/"},{"@type":"ListItem","position":2,"name":"Fiesta Provincial de la Estepa y el Sol"}]},{"@type":"WebSite","@id":"https:\/\/www.realpatagonia.com.ar\/fiestas\/#website","url":"https:\/\/www.realpatagonia.com.ar\/fiestas\/","name":"Fiestas Populares","description":"Real Patagonia","publisher":{"@id":"https:\/\/www.realpatagonia.com.ar\/fiestas\/#organization"},"potentialAction":[{"@type":"SearchAction","target":{"@type":"EntryPoint","urlTemplate":"https:\/\/www.realpatagonia.com.ar\/fiestas\/?s={search_term_string}"},"query-input":{"@type":"PropertyValueSpecification","valueRequired":true,"valueName":"search_term_string"}}],"inLanguage":"es"},{"@type":"Organization","@id":"https:\/\/www.realpatagonia.com.ar\/fiestas\/#organization","name":"Fiestas Populares","url":"https:\/\/www.realpatagonia.com.ar\/fiestas\/","logo":{"@type":"ImageObject","inLanguage":"es","@id":"https:\/\/www.realpatagonia.com.ar\/fiestas\/#\/schema\/logo\/image\/","url":"https:\/\/www.realpatagonia.com.ar\/fiestas\/wp-content\/uploads\/2024\/11\/logo-9-v2.png","contentUrl":"https:\/\/www.realpatagonia.com.ar\/fiestas\/wp-content\/uploads\/2024\/11\/logo-9-v2.png","width":376,"height":227,"caption":"Fiestas Populares"},"image":{"@id":"https:\/\/www.realpatagonia.com.ar\/fiestas\/#\/schema\/logo\/image\/"}},{"@type":"Person","@id":"https:\/\/www.realpatagonia.com.ar\/fiestas\/#\/schema\/person\/a74d57f4b94d08292b512a517a877f4d","name":"admin","image":{"@type":"ImageObject","inLanguage":"es","@id":"https:\/\/www.realpatagonia.com.ar\/fiestas\/#\/schema\/person\/image\/","url":"https:\/\/secure.gravatar.com\/avatar\/adf8697a38b91280f806560042b9864bd8013d77e6a1241c895d8ecc2a3da613?s=96&d=mm&r=g","contentUrl":"https:\/\/secure.gravatar.com\/avatar\/adf8697a38b91280f806560042b9864bd8013d77e6a1241c895d8ecc2a3da613?s=96&d=mm&r=g","caption":"admin"},"sameAs":["https:\/\/www.realpatagonia.com.ar\/fiestas"],"url":"https:\/\/www.realpatagonia.com.ar\/fiestas\/author\/admin\/"}]}},"rttpg_featured_image_url":{"full":["https:\/\/www.realpatagonia.com.ar\/fiestas\/wp-content\/uploads\/2024\/02\/dina-huapi.jpg",960,450,false],"landscape":["https:\/\/www.realpatagonia.com.ar\/fiestas\/wp-content\/uploads\/2024\/02\/dina-huapi.jpg",960,450,false],"portraits":["https:\/\/www.realpatagonia.com.ar\/fiestas\/wp-content\/uploads\/2024\/02\/dina-huapi.jpg",960,450,false],"thumbnail":["https:\/\/www.realpatagonia.com.ar\/fiestas\/wp-content\/uploads\/2024\/02\/dina-huapi-150x150.jpg",150,150,true],"medium":["https:\/\/www.realpatagonia.com.ar\/fiestas\/wp-content\/uploads\/2024\/02\/dina-huapi-300x141.jpg",300,141,true],"large":["https:\/\/www.realpatagonia.com.ar\/fiestas\/wp-content\/uploads\/2024\/02\/dina-huapi.jpg",960,450,false],"1536x1536":["https:\/\/www.realpatagonia.com.ar\/fiestas\/wp-content\/uploads\/2024\/02\/dina-huapi.jpg",960,450,false],"2048x2048":["https:\/\/www.realpatagonia.com.ar\/fiestas\/wp-content\/uploads\/2024\/02\/dina-huapi.jpg",960,450,false],"ocean-thumb-m":["https:\/\/www.realpatagonia.com.ar\/fiestas\/wp-content\/uploads\/2024\/02\/dina-huapi-600x450.jpg",600,450,true],"ocean-thumb-ml":["https:\/\/www.realpatagonia.com.ar\/fiestas\/wp-content\/uploads\/2024\/02\/dina-huapi-800x450.jpg",800,450,true],"ocean-thumb-l":["https:\/\/www.realpatagonia.com.ar\/fiestas\/wp-content\/uploads\/2024\/02\/dina-huapi.jpg",960,450,false]},"rttpg_author":{"display_name":"admin","author_link":"https:\/\/www.realpatagonia.com.ar\/fiestas\/author\/admin\/"},"rttpg_comment":0,"rttpg_category":"<a href=\"https:\/\/www.realpatagonia.com.ar\/fiestas\/category\/noviembre\/\" rel=\"category tag\">Noviembre<\/a>","rttpg_excerpt":"De car\u00e1cter anual, tiene lugar en el mes de noviembre. Su oferta se compone de una agenda cultural de espect\u00e1culos de estilos diversos, y de un sector comercial y gastron\u00f3mico. Se desarrolla en el mes de noviembre de cada a\u00f1o, en la plaza principal \u2018Modesta Victoria\u2019. Es impulsada por la Municipalidad de Dina Huapi y&hellip;","_links":{"self":[{"href":"https:\/\/www.realpatagonia.com.ar\/fiestas\/wp-json\/wp\/v2\/posts\/182","targetHints":{"allow":["GET"]}}],"collection":[{"href":"https:\/\/www.realpatagonia.com.ar\/fiestas\/wp-json\/wp\/v2\/posts"}],"about":[{"href":"https:\/\/www.realpatagonia.com.ar\/fiestas\/wp-json\/wp\/v2\/types\/post"}],"author":[{"embeddable":true,"href":"https:\/\/www.realpatagonia.com.ar\/fiestas\/wp-json\/wp\/v2\/users\/1"}],"replies":[{"embeddable":true,"href":"https:\/\/www.realpatagonia.com.ar\/fiestas\/wp-json\/wp\/v2\/comments?post=182"}],"version-history":[{"count":1,"href":"https:\/\/www.realpatagonia.com.ar\/fiestas\/wp-json\/wp\/v2\/posts\/182\/revisions"}],"predecessor-version":[{"id":184,"href":"https:\/\/www.realpatagonia.com.ar\/fiestas\/wp-json\/wp\/v2\/posts\/182\/revisions\/184"}],"wp:featuredmedia":[{"embeddable":true,"href":"https:\/\/www.realpatagonia.com.ar\/fiestas\/wp-json\/wp\/v2\/media\/183"}],"wp:attachment":[{"href":"https:\/\/www.realpatagonia.com.ar\/fiestas\/wp-json\/wp\/v2\/media?parent=182"}],"wp:term":[{"taxonomy":"category","embeddable":true,"href":"https:\/\/www.realpatagonia.com.ar\/fiestas\/wp-json\/wp\/v2\/categories?post=182"},{"taxonomy":"post_tag","embeddable":true,"href":"https:\/\/www.realpatagonia.com.ar\/fiestas\/wp-json\/wp\/v2\/tags?post=182"}],"curies":[{"name":"wp","href":"https:\/\/api.w.org\/{rel}","templated":true}]}}