{"id":132,"date":"2023-11-13T12:09:55","date_gmt":"2023-11-13T12:09:55","guid":{"rendered":"https:\/\/www.realpatagonia.com.ar\/fiestas\/?p=132"},"modified":"2024-11-08T22:20:34","modified_gmt":"2024-11-08T22:20:34","slug":"fiesta-provincial-del-cordero-sierra-colorada","status":"publish","type":"post","link":"https:\/\/www.realpatagonia.com.ar\/fiestas\/fiesta-provincial-del-cordero-sierra-colorada\/","title":{"rendered":"Fiesta Provincial del Cordero Sierra Colorada"},"content":{"rendered":"\n<p><strong>Fiesta popular desarrollada anualmente en la primera quincena de diciembre, para la puesta en valor de la producci\u00f3n ovina y del rol desempe\u00f1ado por la comunidad local en dicha actividad. En el marco de la misma, se conmemora cada 7 de diciembre la fecha aniversario de la fundaci\u00f3n de Sierra Colorada.<\/strong><\/p>\n\n\n\n<p>Presentacion Oficial de la \u00abXXVIII Fiesta Provincial del Cordero 2024&#8243;\ud83d\udc11<br>6 y 7 de Diciembre.<\/p>\n\n\n\n<p>Ya comenzamos a vivir esta gran fiesta y los 113\u00b0 Aniversario de nuestro pueblo, hoy presentamos la grilla de artistas principales.<\/p>\n\n\n\n<p>VIERNES 6: LOS CALDENES , desde La Pampa con todo nuestro folklore rom\u00e1ntico .<\/p>\n\n\n\n<p>GRUPO SENSURA, desde Gral.Conesa para cerrar a puro baile la primer noche de nuestra Fiesta.<br>Adem\u00e1s contaremos con la presentaci\u00f3n de nuestros artistas y grupos de danzas Folkl\u00f3ricas de nuestra localidad y la regi\u00f3n .<\/p>\n\n\n\n<p>SABADO 7: GRAN ASADO POPULAR, podremos degustar al mediod\u00eda de m\u00e1s de 200 corderos al asador en el predio del Gimnasio Municipal.<\/p>\n\n\n\n<p>Escenario Mayor:<br>LOS HERRERA, desde C\u00f3rdoba la banda del momento que nos trae todo su ritmo y baile cuartetero.<\/p>\n\n\n\n<p>DJ&#8217; NICO VALLORANI, desde Buenos Aires el DJ que se caracteriza por hacer sus sesiones musicales en diferentes lugares de Argentina, superando los cientos de millones de suscriptores en su cuenta de YouTube.<br>PIEL DE LEON, desde General Roca.<\/p>\n\n\n\n<p>Contacto: Municipalidad de Sierra Colorada<br>Tel.: (2940) 495024<br>www.sierracolorada.gob.ar<br>Redes sociales FB e IG <a href=\"https:\/\/www.facebook.com\/sierracolorada.municipio\">@Muni Sierra Colorada RN<\/a><\/p>\n\n\n\n<figure class=\"wp-block-image size-large is-resized\"><img loading=\"lazy\" decoding=\"async\" width=\"819\" height=\"1024\" src=\"https:\/\/www.realpatagonia.com.ar\/fiestas\/wp-content\/uploads\/2023\/11\/cordero_1-819x1024.jpeg\" alt=\"\" class=\"wp-image-235\" style=\"width:840px;height:auto\"\/><\/figure>\n\n\n\n<figure class=\"wp-block-image size-large\"><img loading=\"lazy\" decoding=\"async\" width=\"1024\" height=\"1024\" src=\"https:\/\/www.realpatagonia.com.ar\/fiestas\/wp-content\/uploads\/2023\/11\/cordero_2-1024x1024.jpeg\" alt=\"\" class=\"wp-image-237\"\/><\/figure>\n\n\n\n<figure class=\"wp-block-image size-large\"><img loading=\"lazy\" decoding=\"async\" width=\"1024\" height=\"1024\" src=\"https:\/\/www.realpatagonia.com.ar\/fiestas\/wp-content\/uploads\/2023\/11\/cordero_3-1024x1024.jpeg\" alt=\"\" class=\"wp-image-238\"\/><\/figure>\n\n\n\n<figure class=\"wp-block-image size-large\"><img loading=\"lazy\" decoding=\"async\" width=\"1024\" height=\"1024\" src=\"https:\/\/www.realpatagonia.com.ar\/fiestas\/wp-content\/uploads\/2023\/11\/cordero_4-1024x1024.jpeg\" alt=\"\" class=\"wp-image-239\"\/><\/figure>\n\n\n\n<figure class=\"wp-block-image size-large\"><img loading=\"lazy\" decoding=\"async\" width=\"1024\" height=\"1024\" src=\"https:\/\/www.realpatagonia.com.ar\/fiestas\/wp-content\/uploads\/2023\/11\/cordero_5-1024x1024.jpeg\" alt=\"\" class=\"wp-image-240\"\/><\/figure>\n\n\n\n<figure class=\"wp-block-image size-large\"><img loading=\"lazy\" decoding=\"async\" width=\"1024\" height=\"1024\" src=\"https:\/\/www.realpatagonia.com.ar\/fiestas\/wp-content\/uploads\/2023\/11\/cordero_6-1024x1024.jpeg\" alt=\"\" class=\"wp-image-241\"\/><\/figure>\n","protected":false},"excerpt":{"rendered":"<p>Fiesta popular desarrollada anualmente en la primera quincena de diciembre, para la puesta en valor de la producci\u00f3n ovina y del rol desempe\u00f1ado por la comunidad local en dicha actividad. En el marco de la misma, se conmemora cada 7 de diciembre la fecha aniversario de la fundaci\u00f3n de Sierra Colorada. Presentacion Oficial de la [&hellip;]<\/p>\n","protected":false},"author":1,"featured_media":243,"comment_status":"closed","ping_status":"closed","sticky":false,"template":"","format":"standard","meta":{"pagelayer_contact_templates":[],"_pagelayer_content":"","footnotes":""},"categories":[14],"tags":[],"class_list":["post-132","post","type-post","status-publish","format-standard","has-post-thumbnail","hentry","category-diciembre","entry","has-media"],"yoast_head":"<!-- This site is optimized with the Yoast SEO plugin v23.9 - https:\/\/yoast.com\/wordpress\/plugins\/seo\/ -->\n<title>Fiesta Provincial del Cordero Sierra Colorada - Fiestas Populares<\/title>\n<meta name=\"robots\" content=\"index, follow, max-snippet:-1, max-image-preview:large, max-video-preview:-1\" \/>\n<link rel=\"canonical\" href=\"https:\/\/www.realpatagonia.com.ar\/fiestas\/fiesta-provincial-del-cordero-sierra-colorada\/\" \/>\n<meta property=\"og:locale\" content=\"es_ES\" \/>\n<meta property=\"og:type\" content=\"article\" \/>\n<meta property=\"og:title\" content=\"Fiesta Provincial del Cordero Sierra Colorada - Fiestas Populares\" \/>\n<meta property=\"og:description\" content=\"Fiesta popular desarrollada anualmente en la primera quincena de diciembre, para la puesta en valor de la producci\u00f3n ovina y del rol desempe\u00f1ado por la comunidad local en dicha actividad. En el marco de la misma, se conmemora cada 7 de diciembre la fecha aniversario de la fundaci\u00f3n de Sierra Colorada. Presentacion Oficial de la [&hellip;]\" \/>\n<meta property=\"og:url\" content=\"https:\/\/www.realpatagonia.com.ar\/fiestas\/fiesta-provincial-del-cordero-sierra-colorada\/\" \/>\n<meta property=\"og:site_name\" content=\"Fiestas Populares\" \/>\n<meta property=\"article:published_time\" content=\"2023-11-13T12:09:55+00:00\" \/>\n<meta property=\"article:modified_time\" content=\"2024-11-08T22:20:34+00:00\" \/>\n<meta property=\"og:image\" content=\"https:\/\/www.realpatagonia.com.ar\/fiestas\/wp-content\/uploads\/2023\/11\/cordero_portada.jpg\" \/>\n\t<meta property=\"og:image:width\" content=\"1024\" \/>\n\t<meta property=\"og:image:height\" content=\"405\" \/>\n\t<meta property=\"og:image:type\" content=\"image\/jpeg\" \/>\n<meta name=\"author\" content=\"admin\" \/>\n<meta name=\"twitter:card\" content=\"summary_large_image\" \/>\n<meta name=\"twitter:label1\" content=\"Escrito por\" \/>\n\t<meta name=\"twitter:data1\" content=\"admin\" \/>\n\t<meta name=\"twitter:label2\" content=\"Tiempo de lectura\" \/>\n\t<meta name=\"twitter:data2\" content=\"3 minutos\" \/>\n<script type=\"application\/ld+json\" class=\"yoast-schema-graph\">{\"@context\":\"https:\/\/schema.org\",\"@graph\":[{\"@type\":\"Article\",\"@id\":\"https:\/\/www.realpatagonia.com.ar\/fiestas\/fiesta-provincial-del-cordero-sierra-colorada\/#article\",\"isPartOf\":{\"@id\":\"https:\/\/www.realpatagonia.com.ar\/fiestas\/fiesta-provincial-del-cordero-sierra-colorada\/\"},\"author\":{\"name\":\"admin\",\"@id\":\"https:\/\/www.realpatagonia.com.ar\/fiestas\/#\/schema\/person\/a74d57f4b94d08292b512a517a877f4d\"},\"headline\":\"Fiesta Provincial del Cordero Sierra Colorada\",\"datePublished\":\"2023-11-13T12:09:55+00:00\",\"dateModified\":\"2024-11-08T22:20:34+00:00\",\"mainEntityOfPage\":{\"@id\":\"https:\/\/www.realpatagonia.com.ar\/fiestas\/fiesta-provincial-del-cordero-sierra-colorada\/\"},\"wordCount\":240,\"publisher\":{\"@id\":\"https:\/\/www.realpatagonia.com.ar\/fiestas\/#organization\"},\"image\":{\"@id\":\"https:\/\/www.realpatagonia.com.ar\/fiestas\/fiesta-provincial-del-cordero-sierra-colorada\/#primaryimage\"},\"thumbnailUrl\":\"https:\/\/www.realpatagonia.com.ar\/fiestas\/wp-content\/uploads\/2023\/11\/cordero_portada.jpg\",\"articleSection\":[\"Diciembre\"],\"inLanguage\":\"es\"},{\"@type\":\"WebPage\",\"@id\":\"https:\/\/www.realpatagonia.com.ar\/fiestas\/fiesta-provincial-del-cordero-sierra-colorada\/\",\"url\":\"https:\/\/www.realpatagonia.com.ar\/fiestas\/fiesta-provincial-del-cordero-sierra-colorada\/\",\"name\":\"Fiesta Provincial del Cordero Sierra Colorada - Fiestas Populares\",\"isPartOf\":{\"@id\":\"https:\/\/www.realpatagonia.com.ar\/fiestas\/#website\"},\"primaryImageOfPage\":{\"@id\":\"https:\/\/www.realpatagonia.com.ar\/fiestas\/fiesta-provincial-del-cordero-sierra-colorada\/#primaryimage\"},\"image\":{\"@id\":\"https:\/\/www.realpatagonia.com.ar\/fiestas\/fiesta-provincial-del-cordero-sierra-colorada\/#primaryimage\"},\"thumbnailUrl\":\"https:\/\/www.realpatagonia.com.ar\/fiestas\/wp-content\/uploads\/2023\/11\/cordero_portada.jpg\",\"datePublished\":\"2023-11-13T12:09:55+00:00\",\"dateModified\":\"2024-11-08T22:20:34+00:00\",\"breadcrumb\":{\"@id\":\"https:\/\/www.realpatagonia.com.ar\/fiestas\/fiesta-provincial-del-cordero-sierra-colorada\/#breadcrumb\"},\"inLanguage\":\"es\",\"potentialAction\":[{\"@type\":\"ReadAction\",\"target\":[\"https:\/\/www.realpatagonia.com.ar\/fiestas\/fiesta-provincial-del-cordero-sierra-colorada\/\"]}]},{\"@type\":\"ImageObject\",\"inLanguage\":\"es\",\"@id\":\"https:\/\/www.realpatagonia.com.ar\/fiestas\/fiesta-provincial-del-cordero-sierra-colorada\/#primaryimage\",\"url\":\"https:\/\/www.realpatagonia.com.ar\/fiestas\/wp-content\/uploads\/2023\/11\/cordero_portada.jpg\",\"contentUrl\":\"https:\/\/www.realpatagonia.com.ar\/fiestas\/wp-content\/uploads\/2023\/11\/cordero_portada.jpg\",\"width\":1024,\"height\":405},{\"@type\":\"BreadcrumbList\",\"@id\":\"https:\/\/www.realpatagonia.com.ar\/fiestas\/fiesta-provincial-del-cordero-sierra-colorada\/#breadcrumb\",\"itemListElement\":[{\"@type\":\"ListItem\",\"position\":1,\"name\":\"Portada\",\"item\":\"https:\/\/www.realpatagonia.com.ar\/fiestas\/\"},{\"@type\":\"ListItem\",\"position\":2,\"name\":\"Fiesta Provincial del Cordero Sierra Colorada\"}]},{\"@type\":\"WebSite\",\"@id\":\"https:\/\/www.realpatagonia.com.ar\/fiestas\/#website\",\"url\":\"https:\/\/www.realpatagonia.com.ar\/fiestas\/\",\"name\":\"Fiestas Populares\",\"description\":\"Real Patagonia\",\"publisher\":{\"@id\":\"https:\/\/www.realpatagonia.com.ar\/fiestas\/#organization\"},\"potentialAction\":[{\"@type\":\"SearchAction\",\"target\":{\"@type\":\"EntryPoint\",\"urlTemplate\":\"https:\/\/www.realpatagonia.com.ar\/fiestas\/?s={search_term_string}\"},\"query-input\":{\"@type\":\"PropertyValueSpecification\",\"valueRequired\":true,\"valueName\":\"search_term_string\"}}],\"inLanguage\":\"es\"},{\"@type\":\"Organization\",\"@id\":\"https:\/\/www.realpatagonia.com.ar\/fiestas\/#organization\",\"name\":\"Fiestas Populares\",\"url\":\"https:\/\/www.realpatagonia.com.ar\/fiestas\/\",\"logo\":{\"@type\":\"ImageObject\",\"inLanguage\":\"es\",\"@id\":\"https:\/\/www.realpatagonia.com.ar\/fiestas\/#\/schema\/logo\/image\/\",\"url\":\"https:\/\/www.realpatagonia.com.ar\/fiestas\/wp-content\/uploads\/2024\/11\/logo-9-v2.png\",\"contentUrl\":\"https:\/\/www.realpatagonia.com.ar\/fiestas\/wp-content\/uploads\/2024\/11\/logo-9-v2.png\",\"width\":376,\"height\":227,\"caption\":\"Fiestas Populares\"},\"image\":{\"@id\":\"https:\/\/www.realpatagonia.com.ar\/fiestas\/#\/schema\/logo\/image\/\"}},{\"@type\":\"Person\",\"@id\":\"https:\/\/www.realpatagonia.com.ar\/fiestas\/#\/schema\/person\/a74d57f4b94d08292b512a517a877f4d\",\"name\":\"admin\",\"image\":{\"@type\":\"ImageObject\",\"inLanguage\":\"es\",\"@id\":\"https:\/\/www.realpatagonia.com.ar\/fiestas\/#\/schema\/person\/image\/\",\"url\":\"https:\/\/secure.gravatar.com\/avatar\/adf8697a38b91280f806560042b9864bd8013d77e6a1241c895d8ecc2a3da613?s=96&d=mm&r=g\",\"contentUrl\":\"https:\/\/secure.gravatar.com\/avatar\/adf8697a38b91280f806560042b9864bd8013d77e6a1241c895d8ecc2a3da613?s=96&d=mm&r=g\",\"caption\":\"admin\"},\"sameAs\":[\"https:\/\/www.realpatagonia.com.ar\/fiestas\"],\"url\":\"https:\/\/www.realpatagonia.com.ar\/fiestas\/author\/admin\/\"}]}<\/script>\n<!-- \/ Yoast SEO plugin. -->","yoast_head_json":{"title":"Fiesta Provincial del Cordero Sierra Colorada - Fiestas Populares","robots":{"index":"index","follow":"follow","max-snippet":"max-snippet:-1","max-image-preview":"max-image-preview:large","max-video-preview":"max-video-preview:-1"},"canonical":"https:\/\/www.realpatagonia.com.ar\/fiestas\/fiesta-provincial-del-cordero-sierra-colorada\/","og_locale":"es_ES","og_type":"article","og_title":"Fiesta Provincial del Cordero Sierra Colorada - Fiestas Populares","og_description":"Fiesta popular desarrollada anualmente en la primera quincena de diciembre, para la puesta en valor de la producci\u00f3n ovina y del rol desempe\u00f1ado por la comunidad local en dicha actividad. En el marco de la misma, se conmemora cada 7 de diciembre la fecha aniversario de la fundaci\u00f3n de Sierra Colorada. Presentacion Oficial de la [&hellip;]","og_url":"https:\/\/www.realpatagonia.com.ar\/fiestas\/fiesta-provincial-del-cordero-sierra-colorada\/","og_site_name":"Fiestas Populares","article_published_time":"2023-11-13T12:09:55+00:00","article_modified_time":"2024-11-08T22:20:34+00:00","og_image":[{"width":1024,"height":405,"url":"https:\/\/www.realpatagonia.com.ar\/fiestas\/wp-content\/uploads\/2023\/11\/cordero_portada.jpg","type":"image\/jpeg"}],"author":"admin","twitter_card":"summary_large_image","twitter_misc":{"Escrito por":"admin","Tiempo de lectura":"3 minutos"},"schema":{"@context":"https:\/\/schema.org","@graph":[{"@type":"Article","@id":"https:\/\/www.realpatagonia.com.ar\/fiestas\/fiesta-provincial-del-cordero-sierra-colorada\/#article","isPartOf":{"@id":"https:\/\/www.realpatagonia.com.ar\/fiestas\/fiesta-provincial-del-cordero-sierra-colorada\/"},"author":{"name":"admin","@id":"https:\/\/www.realpatagonia.com.ar\/fiestas\/#\/schema\/person\/a74d57f4b94d08292b512a517a877f4d"},"headline":"Fiesta Provincial del Cordero Sierra Colorada","datePublished":"2023-11-13T12:09:55+00:00","dateModified":"2024-11-08T22:20:34+00:00","mainEntityOfPage":{"@id":"https:\/\/www.realpatagonia.com.ar\/fiestas\/fiesta-provincial-del-cordero-sierra-colorada\/"},"wordCount":240,"publisher":{"@id":"https:\/\/www.realpatagonia.com.ar\/fiestas\/#organization"},"image":{"@id":"https:\/\/www.realpatagonia.com.ar\/fiestas\/fiesta-provincial-del-cordero-sierra-colorada\/#primaryimage"},"thumbnailUrl":"https:\/\/www.realpatagonia.com.ar\/fiestas\/wp-content\/uploads\/2023\/11\/cordero_portada.jpg","articleSection":["Diciembre"],"inLanguage":"es"},{"@type":"WebPage","@id":"https:\/\/www.realpatagonia.com.ar\/fiestas\/fiesta-provincial-del-cordero-sierra-colorada\/","url":"https:\/\/www.realpatagonia.com.ar\/fiestas\/fiesta-provincial-del-cordero-sierra-colorada\/","name":"Fiesta Provincial del Cordero Sierra Colorada - Fiestas Populares","isPartOf":{"@id":"https:\/\/www.realpatagonia.com.ar\/fiestas\/#website"},"primaryImageOfPage":{"@id":"https:\/\/www.realpatagonia.com.ar\/fiestas\/fiesta-provincial-del-cordero-sierra-colorada\/#primaryimage"},"image":{"@id":"https:\/\/www.realpatagonia.com.ar\/fiestas\/fiesta-provincial-del-cordero-sierra-colorada\/#primaryimage"},"thumbnailUrl":"https:\/\/www.realpatagonia.com.ar\/fiestas\/wp-content\/uploads\/2023\/11\/cordero_portada.jpg","datePublished":"2023-11-13T12:09:55+00:00","dateModified":"2024-11-08T22:20:34+00:00","breadcrumb":{"@id":"https:\/\/www.realpatagonia.com.ar\/fiestas\/fiesta-provincial-del-cordero-sierra-colorada\/#breadcrumb"},"inLanguage":"es","potentialAction":[{"@type":"ReadAction","target":["https:\/\/www.realpatagonia.com.ar\/fiestas\/fiesta-provincial-del-cordero-sierra-colorada\/"]}]},{"@type":"ImageObject","inLanguage":"es","@id":"https:\/\/www.realpatagonia.com.ar\/fiestas\/fiesta-provincial-del-cordero-sierra-colorada\/#primaryimage","url":"https:\/\/www.realpatagonia.com.ar\/fiestas\/wp-content\/uploads\/2023\/11\/cordero_portada.jpg","contentUrl":"https:\/\/www.realpatagonia.com.ar\/fiestas\/wp-content\/uploads\/2023\/11\/cordero_portada.jpg","width":1024,"height":405},{"@type":"BreadcrumbList","@id":"https:\/\/www.realpatagonia.com.ar\/fiestas\/fiesta-provincial-del-cordero-sierra-colorada\/#breadcrumb","itemListElement":[{"@type":"ListItem","position":1,"name":"Portada","item":"https:\/\/www.realpatagonia.com.ar\/fiestas\/"},{"@type":"ListItem","position":2,"name":"Fiesta Provincial del Cordero Sierra Colorada"}]},{"@type":"WebSite","@id":"https:\/\/www.realpatagonia.com.ar\/fiestas\/#website","url":"https:\/\/www.realpatagonia.com.ar\/fiestas\/","name":"Fiestas Populares","description":"Real Patagonia","publisher":{"@id":"https:\/\/www.realpatagonia.com.ar\/fiestas\/#organization"},"potentialAction":[{"@type":"SearchAction","target":{"@type":"EntryPoint","urlTemplate":"https:\/\/www.realpatagonia.com.ar\/fiestas\/?s={search_term_string}"},"query-input":{"@type":"PropertyValueSpecification","valueRequired":true,"valueName":"search_term_string"}}],"inLanguage":"es"},{"@type":"Organization","@id":"https:\/\/www.realpatagonia.com.ar\/fiestas\/#organization","name":"Fiestas Populares","url":"https:\/\/www.realpatagonia.com.ar\/fiestas\/","logo":{"@type":"ImageObject","inLanguage":"es","@id":"https:\/\/www.realpatagonia.com.ar\/fiestas\/#\/schema\/logo\/image\/","url":"https:\/\/www.realpatagonia.com.ar\/fiestas\/wp-content\/uploads\/2024\/11\/logo-9-v2.png","contentUrl":"https:\/\/www.realpatagonia.com.ar\/fiestas\/wp-content\/uploads\/2024\/11\/logo-9-v2.png","width":376,"height":227,"caption":"Fiestas Populares"},"image":{"@id":"https:\/\/www.realpatagonia.com.ar\/fiestas\/#\/schema\/logo\/image\/"}},{"@type":"Person","@id":"https:\/\/www.realpatagonia.com.ar\/fiestas\/#\/schema\/person\/a74d57f4b94d08292b512a517a877f4d","name":"admin","image":{"@type":"ImageObject","inLanguage":"es","@id":"https:\/\/www.realpatagonia.com.ar\/fiestas\/#\/schema\/person\/image\/","url":"https:\/\/secure.gravatar.com\/avatar\/adf8697a38b91280f806560042b9864bd8013d77e6a1241c895d8ecc2a3da613?s=96&d=mm&r=g","contentUrl":"https:\/\/secure.gravatar.com\/avatar\/adf8697a38b91280f806560042b9864bd8013d77e6a1241c895d8ecc2a3da613?s=96&d=mm&r=g","caption":"admin"},"sameAs":["https:\/\/www.realpatagonia.com.ar\/fiestas"],"url":"https:\/\/www.realpatagonia.com.ar\/fiestas\/author\/admin\/"}]}},"rttpg_featured_image_url":{"full":["https:\/\/www.realpatagonia.com.ar\/fiestas\/wp-content\/uploads\/2023\/11\/cordero_portada.jpg",1024,405,false],"landscape":["https:\/\/www.realpatagonia.com.ar\/fiestas\/wp-content\/uploads\/2023\/11\/cordero_portada.jpg",1024,405,false],"portraits":["https:\/\/www.realpatagonia.com.ar\/fiestas\/wp-content\/uploads\/2023\/11\/cordero_portada.jpg",1024,405,false],"thumbnail":["https:\/\/www.realpatagonia.com.ar\/fiestas\/wp-content\/uploads\/2023\/11\/cordero_portada-150x150.jpg",150,150,true],"medium":["https:\/\/www.realpatagonia.com.ar\/fiestas\/wp-content\/uploads\/2023\/11\/cordero_portada-300x119.jpg",300,119,true],"large":["https:\/\/www.realpatagonia.com.ar\/fiestas\/wp-content\/uploads\/2023\/11\/cordero_portada.jpg",1024,405,false],"1536x1536":["https:\/\/www.realpatagonia.com.ar\/fiestas\/wp-content\/uploads\/2023\/11\/cordero_portada.jpg",1024,405,false],"2048x2048":["https:\/\/www.realpatagonia.com.ar\/fiestas\/wp-content\/uploads\/2023\/11\/cordero_portada.jpg",1024,405,false],"ocean-thumb-m":["https:\/\/www.realpatagonia.com.ar\/fiestas\/wp-content\/uploads\/2023\/11\/cordero_portada-600x405.jpg",600,405,true],"ocean-thumb-ml":["https:\/\/www.realpatagonia.com.ar\/fiestas\/wp-content\/uploads\/2023\/11\/cordero_portada-800x405.jpg",800,405,true],"ocean-thumb-l":["https:\/\/www.realpatagonia.com.ar\/fiestas\/wp-content\/uploads\/2023\/11\/cordero_portada.jpg",1024,405,false]},"rttpg_author":{"display_name":"admin","author_link":"https:\/\/www.realpatagonia.com.ar\/fiestas\/author\/admin\/"},"rttpg_comment":0,"rttpg_category":"<a href=\"https:\/\/www.realpatagonia.com.ar\/fiestas\/category\/diciembre\/\" rel=\"category tag\">Diciembre<\/a>","rttpg_excerpt":"Fiesta popular desarrollada anualmente en la primera quincena de diciembre, para la puesta en valor de la producci\u00f3n ovina y del rol desempe\u00f1ado por la comunidad local en dicha actividad. En el marco de la misma, se conmemora cada 7 de diciembre la fecha aniversario de la fundaci\u00f3n de Sierra Colorada. Presentacion Oficial de la&hellip;","_links":{"self":[{"href":"https:\/\/www.realpatagonia.com.ar\/fiestas\/wp-json\/wp\/v2\/posts\/132","targetHints":{"allow":["GET"]}}],"collection":[{"href":"https:\/\/www.realpatagonia.com.ar\/fiestas\/wp-json\/wp\/v2\/posts"}],"about":[{"href":"https:\/\/www.realpatagonia.com.ar\/fiestas\/wp-json\/wp\/v2\/types\/post"}],"author":[{"embeddable":true,"href":"https:\/\/www.realpatagonia.com.ar\/fiestas\/wp-json\/wp\/v2\/users\/1"}],"replies":[{"embeddable":true,"href":"https:\/\/www.realpatagonia.com.ar\/fiestas\/wp-json\/wp\/v2\/comments?post=132"}],"version-history":[{"count":4,"href":"https:\/\/www.realpatagonia.com.ar\/fiestas\/wp-json\/wp\/v2\/posts\/132\/revisions"}],"predecessor-version":[{"id":252,"href":"https:\/\/www.realpatagonia.com.ar\/fiestas\/wp-json\/wp\/v2\/posts\/132\/revisions\/252"}],"wp:featuredmedia":[{"embeddable":true,"href":"https:\/\/www.realpatagonia.com.ar\/fiestas\/wp-json\/wp\/v2\/media\/243"}],"wp:attachment":[{"href":"https:\/\/www.realpatagonia.com.ar\/fiestas\/wp-json\/wp\/v2\/media?parent=132"}],"wp:term":[{"taxonomy":"category","embeddable":true,"href":"https:\/\/www.realpatagonia.com.ar\/fiestas\/wp-json\/wp\/v2\/categories?post=132"},{"taxonomy":"post_tag","embeddable":true,"href":"https:\/\/www.realpatagonia.com.ar\/fiestas\/wp-json\/wp\/v2\/tags?post=132"}],"curies":[{"name":"wp","href":"https:\/\/api.w.org\/{rel}","templated":true}]}}